{"id":16977,"date":"2021-03-02T15:36:25","date_gmt":"2021-03-02T14:36:25","guid":{"rendered":"https:\/\/www.frabina.ch\/new-consultations-in-tavannes\/"},"modified":"2021-11-29T11:54:13","modified_gmt":"2021-11-29T10:54:13","slug":"new-consultations-in-tavannes","status":"publish","type":"post","link":"https:\/\/www.frabina.ch\/fr\/new-consultations-in-tavannes\/","title":{"rendered":"Nouveaux: Consultations \u00e0 Tavannes"},"content":{"rendered":"\t\t<div data-elementor-type=\"wp-post\" data-elementor-id=\"16977\" class=\"elementor elementor-16977 elementor-14988\">\n\t\t\t\t\t\t<section class=\"elementor-section elementor-top-section elementor-element elementor-element-4ec3874e elementor-section-boxed elementor-section-height-default elementor-section-height-default\" data-id=\"4ec3874e\" data-element_type=\"section\" data-e-type=\"section\" data-settings=\"{&quot;pix_scale_in&quot;:&quot;none&quot;}\">\n\t\t\t\t\t\t<div class=\"elementor-container elementor-column-gap-default\">\n\t\t\t\t\t<div class=\"elementor-column elementor-col-100 elementor-top-column elementor-element elementor-element-31e360b6\" data-id=\"31e360b6\" data-element_type=\"column\" data-e-type=\"column\" data-settings=\"{&quot;pix_scale_in&quot;:&quot;none&quot;}\">\n\t\t\t<div class=\"elementor-widget-wrap elementor-element-populated\">\n\t\t\t\t\t\t<div class=\"elementor-element elementor-element-648e8732 elementor-widget elementor-widget-text-editor\" data-id=\"648e8732\" data-element_type=\"widget\" data-e-type=\"widget\" data-widget_type=\"text-editor.default\">\n\t\t\t\t<div class=\"elementor-widget-container\">\n\t\t\t\t\t\t\t\t\t\n<p>D\u00e8s avril 2021, nous offrons la possibilit\u00e9 de faire des entretiens \u00e0 Tavannes. Ceci dans le but de mieux atteindre les personnes concern\u00e9es dans le Jura bernois. Le premier vendredi de chaque mois, une personne de frabina sera disponible pour des entretiens \u00e0 Tavannes. Il est n\u00e9cessaire de prendre rendez-vous \u00e0 l\u2019avance.<\/p>\n\t\t\t\t\t\t\t\t<\/div>\n\t\t\t\t<\/div>\n\t\t\t\t<div class=\"elementor-element elementor-element-ca7e9c6 elementor-align-left elementor-widget__width-initial elementor-widget elementor-widget-button\" data-id=\"ca7e9c6\" data-element_type=\"widget\" data-e-type=\"widget\" data-widget_type=\"button.default\">\n\t\t\t\t<div class=\"elementor-widget-container\">\n\t\t\t\t\t\t\t\t\t<div class=\"elementor-button-wrapper\">\n\t\t\t\t\t<a class=\"elementor-button elementor-button-link elementor-size-sm elementor-animation-grow\" href=\"https:\/\/www.frabina.ch\/kontakt\/#broschuren\">\n\t\t\t\t\t\t<span class=\"elementor-button-content-wrapper\">\n\t\t\t\t\t\t\t\t\t<span class=\"elementor-button-text\">Flyer<\/span>\n\t\t\t\t\t<\/span>\n\t\t\t\t\t<\/a>\n\t\t\t\t<\/div>\n\t\t\t\t\t\t\t\t<\/div>\n\t\t\t\t<\/div>\n\t\t\t\t\t<\/div>\n\t\t<\/div>\n\t\t\t\t\t<\/div>\n\t\t<\/section>\n\t\t\t\t<\/div>\n\t\t","protected":false},"excerpt":{"rendered":"<p>D\u00e8s avril 2021, nous offrons la possibilit\u00e9 de faire des entretiens \u00e0 Tavannes. Ceci dans le but de mieux atteindre les personnes concern\u00e9es dans le Jura bernois. Le premier vendredi de chaque mois, une personne de frabina sera disponible pour&#8230;<\/p>\n","protected":false},"author":3,"featured_media":0,"comment_status":"open","ping_status":"closed","sticky":false,"template":"","format":"standard","meta":{"_monsterinsights_skip_tracking":false,"_monsterinsights_sitenote_active":false,"_monsterinsights_sitenote_note":"","_monsterinsights_sitenote_category":0,"footnotes":""},"categories":[86],"tags":[],"class_list":["post-16977","post","type-post","status-publish","format-standard","hentry","category-actuel"],"aioseo_notices":[],"_links":{"self":[{"href":"https:\/\/www.frabina.ch\/fr\/wp-json\/wp\/v2\/posts\/16977","targetHints":{"allow":["GET"]}}],"collection":[{"href":"https:\/\/www.frabina.ch\/fr\/wp-json\/wp\/v2\/posts"}],"about":[{"href":"https:\/\/www.frabina.ch\/fr\/wp-json\/wp\/v2\/types\/post"}],"author":[{"embeddable":true,"href":"https:\/\/www.frabina.ch\/fr\/wp-json\/wp\/v2\/users\/3"}],"replies":[{"embeddable":true,"href":"https:\/\/www.frabina.ch\/fr\/wp-json\/wp\/v2\/comments?post=16977"}],"version-history":[{"count":8,"href":"https:\/\/www.frabina.ch\/fr\/wp-json\/wp\/v2\/posts\/16977\/revisions"}],"predecessor-version":[{"id":18560,"href":"https:\/\/www.frabina.ch\/fr\/wp-json\/wp\/v2\/posts\/16977\/revisions\/18560"}],"wp:attachment":[{"href":"https:\/\/www.frabina.ch\/fr\/wp-json\/wp\/v2\/media?parent=16977"}],"wp:term":[{"taxonomy":"category","embeddable":true,"href":"https:\/\/www.frabina.ch\/fr\/wp-json\/wp\/v2\/categories?post=16977"},{"taxonomy":"post_tag","embeddable":true,"href":"https:\/\/www.frabina.ch\/fr\/wp-json\/wp\/v2\/tags?post=16977"}],"curies":[{"name":"wp","href":"https:\/\/api.w.org\/{rel}","templated":true}]}}