{"id":14686,"date":"2018-05-30T20:05:24","date_gmt":"2018-05-30T20:05:24","guid":{"rendered":"https:\/\/www.frabina.ch\/?p=14686"},"modified":"2021-08-26T12:13:03","modified_gmt":"2021-08-26T12:13:03","slug":"destination-liebe-binationale-liebesgeschichten-im-portraet","status":"publish","type":"post","link":"https:\/\/www.frabina.ch\/fr\/destination-liebe-binationale-liebesgeschichten-im-portraet\/","title":{"rendered":"\u00ab\u00a0Destination Liebe\u00a0\u00bb &#8211; binationale Liebesgeschichten im Portr\u00e4t"},"content":{"rendered":"\t\t<div data-elementor-type=\"wp-post\" data-elementor-id=\"14686\" class=\"elementor elementor-14686\">\n\t\t\t\t\t\t<section class=\"elementor-section elementor-top-section elementor-element elementor-element-713392d elementor-section-boxed elementor-section-height-default elementor-section-height-default\" data-id=\"713392d\" data-element_type=\"section\" data-e-type=\"section\" data-settings=\"{&quot;pix_scale_in&quot;:&quot;none&quot;}\">\n\t\t\t\t\t\t<div class=\"elementor-container elementor-column-gap-default\">\n\t\t\t\t\t<div class=\"elementor-column elementor-col-100 elementor-top-column elementor-element elementor-element-8f3c8ba\" data-id=\"8f3c8ba\" data-element_type=\"column\" data-e-type=\"column\" data-settings=\"{&quot;pix_scale_in&quot;:&quot;none&quot;}\">\n\t\t\t<div class=\"elementor-widget-wrap elementor-element-populated\">\n\t\t\t\t\t\t<div class=\"elementor-element elementor-element-b0673fc elementor-widget elementor-widget-text-editor\" data-id=\"b0673fc\" data-element_type=\"widget\" data-e-type=\"widget\" data-widget_type=\"text-editor.default\">\n\t\t\t\t<div class=\"elementor-widget-container\">\n\t\t\t\t\t\t\t\t\t<p>Die Ausstellung \u00ab\u00a0Destination Liebe\u00a0\u00bb, welche f\u00fcnf binationale Paare in Bild, Foto und Text portr\u00e4tiert wird erneut gezeigt. Im Wonnemonat Mai r\u00fcckt die offene kirche bern binationale Liebesgeschichten n\u00e4her ins Zentrum und beleuchtet sie mit einem forschend universit\u00e4ren Blick, aus k\u00fcnstlerischer Sicht und einer Portion Humor. Die Ausstellung sowie ein\u00a0abwechslungsreiches Rahmenprogramm wird vom 8. bis 30. Mai in der Heiliggeistkirche Bern gezeigt.<\/p>\t\t\t\t\t\t\t\t<\/div>\n\t\t\t\t<\/div>\n\t\t\t\t<div class=\"elementor-element elementor-element-9160cbf elementor-widget elementor-widget-shortcode\" data-id=\"9160cbf\" data-element_type=\"widget\" data-e-type=\"widget\" data-widget_type=\"shortcode.default\">\n\t\t\t\t<div class=\"elementor-widget-container\">\n\t\t\t\t\t\t\t<div class=\"elementor-shortcode\">\n            <div \n                class=\"elfsight-widget-pdf-embed elfsight-widget\" \n                data-elfsight-pdf-embed-options=\"%7B%22files%22%3A%5B%7B%22link%22%3A%22https%3A%5C%2F%5C%2Fwww.frabina.ch%5C%2Fwp-content%5C%2Fuploads%5C%2F2021%5C%2F07%5C%2Ffrabina_def_low.pdf%22%2C%22name%22%3A%22Programm%20von%208.%20-%2030.%20Mai%202018%20frabina_def_low.pdf%22%2C%22previewImage%22%3Anull%7D%5D%2C%22widgetTitle%22%3A%22Flyer%20Destination%20Liebe%20-%20offene%20kirche%20bern%22%2C%22layout%22%3A%22viewer%22%2C%22showIcon%22%3Atrue%2C%22icon%22%3A%22icon-1%22%2C%22previewImageSize%22%3A30%2C%22showDownloadLink%22%3Atrue%2C%22downloadLinkText%22%3A%22Download%22%2C%22width%22%3A800%2C%22heightFactor%22%3A1.41%2C%22iconColor%22%3A%22rgb%28222%2C%2043%2C%2051%29%22%2C%22nameColor%22%3A%22rgb%2817%2C%2017%2C%2017%29%22%2C%22downloadColor%22%3A%22rgb%2828%2C%20145%2C%20255%29%22%2C%22backgroundColor%22%3Anull%2C%22fileBackgroundColor%22%3Anull%2C%22widgetTitleColor%22%3A%22rgb%2817%2C%2017%2C%2017%29%22%2C%22nameFontSize%22%3A15%2C%22downloadFontSize%22%3A13%2C%22widgetTitleFontSize%22%3A20%2C%22widgetId%22%3A%2237%22%7D\" \n                data-elfsight-pdf-embed-version=\"1.1.1\"\n                data-elfsight-widget-id=\"elfsight-pdf-embed-37\">\n            <\/div>\n            <\/div>\n\t\t\t\t\t\t<\/div>\n\t\t\t\t<\/div>\n\t\t\t\t\t<\/div>\n\t\t<\/div>\n\t\t\t\t\t<\/div>\n\t\t<\/section>\n\t\t\t\t<\/div>\n\t\t","protected":false},"excerpt":{"rendered":"<p>Die Ausstellung \u00ab\u00a0Destination Liebe\u00a0\u00bb, welche f\u00fcnf binationale Paare in Bild, Foto und Text portr\u00e4tiert wird erneut gezeigt. Im Wonnemonat Mai r\u00fcckt die offene kirche bern binationale Liebesgeschichten n\u00e4her ins Zentrum und beleuchtet sie mit einem forschend universit\u00e4ren Blick, aus k\u00fcnstlerischer&#8230;<\/p>\n","protected":false},"author":1,"featured_media":0,"comment_status":"open","ping_status":"closed","sticky":false,"template":"","format":"standard","meta":{"_monsterinsights_skip_tracking":false,"_monsterinsights_sitenote_active":false,"_monsterinsights_sitenote_note":"","_monsterinsights_sitenote_category":0,"footnotes":""},"categories":[67,68],"tags":[],"class_list":["post-14686","post","type-post","status-publish","format-standard","hentry","category-aktuelles-2","category-veranstaltungen"],"aioseo_notices":[],"_links":{"self":[{"href":"https:\/\/www.frabina.ch\/fr\/wp-json\/wp\/v2\/posts\/14686","targetHints":{"allow":["GET"]}}],"collection":[{"href":"https:\/\/www.frabina.ch\/fr\/wp-json\/wp\/v2\/posts"}],"about":[{"href":"https:\/\/www.frabina.ch\/fr\/wp-json\/wp\/v2\/types\/post"}],"author":[{"embeddable":true,"href":"https:\/\/www.frabina.ch\/fr\/wp-json\/wp\/v2\/users\/1"}],"replies":[{"embeddable":true,"href":"https:\/\/www.frabina.ch\/fr\/wp-json\/wp\/v2\/comments?post=14686"}],"version-history":[{"count":4,"href":"https:\/\/www.frabina.ch\/fr\/wp-json\/wp\/v2\/posts\/14686\/revisions"}],"predecessor-version":[{"id":14692,"href":"https:\/\/www.frabina.ch\/fr\/wp-json\/wp\/v2\/posts\/14686\/revisions\/14692"}],"wp:attachment":[{"href":"https:\/\/www.frabina.ch\/fr\/wp-json\/wp\/v2\/media?parent=14686"}],"wp:term":[{"taxonomy":"category","embeddable":true,"href":"https:\/\/www.frabina.ch\/fr\/wp-json\/wp\/v2\/categories?post=14686"},{"taxonomy":"post_tag","embeddable":true,"href":"https:\/\/www.frabina.ch\/fr\/wp-json\/wp\/v2\/tags?post=14686"}],"curies":[{"name":"wp","href":"https:\/\/api.w.org\/{rel}","templated":true}]}}