{"id":14668,"date":"2018-11-06T19:55:47","date_gmt":"2018-11-06T19:55:47","guid":{"rendered":"https:\/\/www.frabina.ch\/?p=14668"},"modified":"2021-08-26T12:12:00","modified_gmt":"2021-08-26T12:12:00","slug":"goenner-apero","status":"publish","type":"post","link":"https:\/\/www.frabina.ch\/es\/goenner-apero\/","title":{"rendered":"G\u00f6nner-Ap\u00e9ro"},"content":{"rendered":"\t\t<div data-elementor-type=\"wp-post\" data-elementor-id=\"14668\" class=\"elementor elementor-14668\">\n\t\t\t\t\t\t<section class=\"elementor-section elementor-top-section elementor-element elementor-element-0eee290 elementor-section-boxed elementor-section-height-default elementor-section-height-default\" data-id=\"0eee290\" data-element_type=\"section\" data-e-type=\"section\" data-settings=\"{&quot;pix_scale_in&quot;:&quot;none&quot;}\">\n\t\t\t\t\t\t<div class=\"elementor-container elementor-column-gap-default\">\n\t\t\t\t\t<div class=\"elementor-column elementor-col-100 elementor-top-column elementor-element elementor-element-1963905\" data-id=\"1963905\" data-element_type=\"column\" data-e-type=\"column\" data-settings=\"{&quot;pix_scale_in&quot;:&quot;none&quot;}\">\n\t\t\t<div class=\"elementor-widget-wrap elementor-element-populated\">\n\t\t\t\t\t\t<div class=\"elementor-element elementor-element-38d156a elementor-widget elementor-widget-text-editor\" data-id=\"38d156a\" data-element_type=\"widget\" data-e-type=\"widget\" data-widget_type=\"text-editor.default\">\n\t\t\t\t<div class=\"elementor-widget-container\">\n\t\t\t\t\t\t\t\t\t<p>frabina l\u00e4dt ihre G\u00f6nner und Spender zu folgendem Anlass ein:<\/p><p><strong>am Donnerstag, 6.\u00a0November\u00a02018, 18.00 \u2013 ca. 20.30 Uhr an der Kapellenstrasse 24 im Parterre<\/strong><\/p>\t\t\t\t\t\t\t\t<\/div>\n\t\t\t\t<\/div>\n\t\t\t\t<div class=\"elementor-element elementor-element-80ad390 elementor-widget elementor-widget-text-editor\" data-id=\"80ad390\" data-element_type=\"widget\" data-e-type=\"widget\" data-widget_type=\"text-editor.default\">\n\t\t\t\t<div class=\"elementor-widget-container\">\n\t\t\t\t\t\t\t\t\t<p><strong>Programm<\/strong><\/p>\t\t\t\t\t\t\t\t<\/div>\n\t\t\t\t<\/div>\n\t\t\t\t<div class=\"elementor-element elementor-element-53a4a82 elementor-icon-list--layout-traditional elementor-list-item-link-full_width elementor-widget elementor-widget-icon-list\" data-id=\"53a4a82\" data-element_type=\"widget\" data-e-type=\"widget\" data-widget_type=\"icon-list.default\">\n\t\t\t\t<div class=\"elementor-widget-container\">\n\t\t\t\t\t\t\t<ul class=\"elementor-icon-list-items\">\n\t\t\t\t\t\t\t<li class=\"elementor-icon-list-item\">\n\t\t\t\t\t\t\t\t\t\t\t<span class=\"elementor-icon-list-icon\">\n\t\t\t\t\t\t\t<i aria-hidden=\"true\" class=\"fas fa-circle\"><\/i>\t\t\t\t\t\t<\/span>\n\t\t\t\t\t\t\t\t\t\t<span class=\"elementor-icon-list-text\">Begr\u00fcssung; Petra Schm\u00e4h Vorstand frabina,<\/span>\n\t\t\t\t\t\t\t\t\t<\/li>\n\t\t\t\t\t\t\t\t<li class=\"elementor-icon-list-item\">\n\t\t\t\t\t\t\t\t\t\t\t<span class=\"elementor-icon-list-icon\">\n\t\t\t\t\t\t\t<i aria-hidden=\"true\" class=\"fas fa-circle\"><\/i>\t\t\t\t\t\t<\/span>\n\t\t\t\t\t\t\t\t\t\t<span class=\"elementor-icon-list-text\">Vorstellung der Arbeit und des Teams von frabina; Esther Hubacher, Stellenleiterin<\/span>\n\t\t\t\t\t\t\t\t\t<\/li>\n\t\t\t\t\t\t\t\t<li class=\"elementor-icon-list-item\">\n\t\t\t\t\t\t\t\t\t\t\t<span class=\"elementor-icon-list-icon\">\n\t\t\t\t\t\t\t<i aria-hidden=\"true\" class=\"fas fa-circle\"><\/i>\t\t\t\t\t\t<\/span>\n\t\t\t\t\t\t\t\t\t\t<span class=\"elementor-icon-list-text\">Referat \u201e1 Paar + 2 religionen = Chancen und Risiken f\u00fcr interrelig\u00f6se Paarbeziehungen\u201c     Stefan Huber, Professor f\u00fcr Empirische Religionsforschung und Theorie der interreligi\u00f6sen   Kommunikation, Universit\u00e4t Bern     Wie hat sich die religi\u00f6se Landschaft in den letzten 50 Jahren entwickelt? Wie kann sich die soziale   Umwelt auf die Paar-Konstellation und ihre Beziehungs-dynamik auswirken? Erkenntnisse aus der   aktuellen Forschung.<\/span>\n\t\t\t\t\t\t\t\t\t<\/li>\n\t\t\t\t\t\t\t\t<li class=\"elementor-icon-list-item\">\n\t\t\t\t\t\t\t\t\t\t\t<span class=\"elementor-icon-list-icon\">\n\t\t\t\t\t\t\t<i aria-hidden=\"true\" class=\"fas fa-circle\"><\/i>\t\t\t\t\t\t<\/span>\n\t\t\t\t\t\t\t\t\t\t<span class=\"elementor-icon-list-text\">Gemeinsamer Austausch beim Ap\u00e9ro.<\/span>\n\t\t\t\t\t\t\t\t\t<\/li>\n\t\t\t\t\t\t<\/ul>\n\t\t\t\t\t\t<\/div>\n\t\t\t\t<\/div>\n\t\t\t\t\t<\/div>\n\t\t<\/div>\n\t\t\t\t\t<\/div>\n\t\t<\/section>\n\t\t\t\t<\/div>\n\t\t","protected":false},"excerpt":{"rendered":"<p>frabina l\u00e4dt ihre G\u00f6nner und Spender zu folgendem Anlass ein: am Donnerstag, 6.\u00a0November\u00a02018, 18.00 \u2013 ca. 20.30 Uhr an der Kapellenstrasse 24 im Parterre Programm Begr\u00fcssung; Petra Schm\u00e4h Vorstand frabina, Vorstellung der Arbeit und des Teams von frabina; Esther Hubacher,&#8230;<\/p>\n","protected":false},"author":1,"featured_media":0,"comment_status":"open","ping_status":"closed","sticky":false,"template":"","format":"standard","meta":{"_monsterinsights_skip_tracking":false,"_monsterinsights_sitenote_active":false,"_monsterinsights_sitenote_note":"","_monsterinsights_sitenote_category":0,"footnotes":""},"categories":[67,68],"tags":[],"class_list":["post-14668","post","type-post","status-publish","format-standard","hentry","category-aktuelles-2","category-veranstaltungen"],"aioseo_notices":[],"_links":{"self":[{"href":"https:\/\/www.frabina.ch\/es\/wp-json\/wp\/v2\/posts\/14668","targetHints":{"allow":["GET"]}}],"collection":[{"href":"https:\/\/www.frabina.ch\/es\/wp-json\/wp\/v2\/posts"}],"about":[{"href":"https:\/\/www.frabina.ch\/es\/wp-json\/wp\/v2\/types\/post"}],"author":[{"embeddable":true,"href":"https:\/\/www.frabina.ch\/es\/wp-json\/wp\/v2\/users\/1"}],"replies":[{"embeddable":true,"href":"https:\/\/www.frabina.ch\/es\/wp-json\/wp\/v2\/comments?post=14668"}],"version-history":[{"count":4,"href":"https:\/\/www.frabina.ch\/es\/wp-json\/wp\/v2\/posts\/14668\/revisions"}],"predecessor-version":[{"id":14672,"href":"https:\/\/www.frabina.ch\/es\/wp-json\/wp\/v2\/posts\/14668\/revisions\/14672"}],"wp:attachment":[{"href":"https:\/\/www.frabina.ch\/es\/wp-json\/wp\/v2\/media?parent=14668"}],"wp:term":[{"taxonomy":"category","embeddable":true,"href":"https:\/\/www.frabina.ch\/es\/wp-json\/wp\/v2\/categories?post=14668"},{"taxonomy":"post_tag","embeddable":true,"href":"https:\/\/www.frabina.ch\/es\/wp-json\/wp\/v2\/tags?post=14668"}],"curies":[{"name":"wp","href":"https:\/\/api.w.org\/{rel}","templated":true}]}}